{"id":253,"date":"2026-09-04T16:51:57","date_gmt":"2026-09-04T14:51:57","guid":{"rendered":"https:\/\/c-g-a.fr\/blog\/?p=253"},"modified":"2026-09-04T16:51:57","modified_gmt":"2026-09-04T14:51:57","slug":"penalites-de-retard-et-indemnite-forfaitaire-40-euros","status":"publish","type":"post","link":"https:\/\/c-g-a.fr\/blog\/penalites-de-retard-et-indemnite-forfaitaire-40-euros\/","title":{"rendered":"P\u00e9nalit\u00e9s de retard et indemnit\u00e9 forfaitaire de 40 \u20ac"},"content":{"rendered":"<p>Entre professionnels, une facture pay\u00e9e apr\u00e8s son \u00e9ch\u00e9ance entra\u00eene des p\u00e9nalit\u00e9s de retard auxquelles s\u2019ajoute une indemnit\u00e9 forfaitaire de 40 \u20ac par facture. Ces sommes sont exigibles d\u00e8s le lendemain de l\u2019\u00e9ch\u00e9ance, sans rappel ni mise en demeure pr\u00e9alable. Encore faut-il distinguer les deux montants, utiliser le bon taux et pr\u00e9senter un calcul v\u00e9rifiable au client.<\/p>\n<div class=\"cga-key\">\n<p><strong>A retenir<\/strong><\/p>\n<p>Les p\u00e9nalit\u00e9s augmentent avec le montant impay\u00e9 et le nombre de jours de retard. L\u2019indemnit\u00e9 reste fix\u00e9e \u00e0 40 \u20ac pour chaque facture concern\u00e9e, m\u00eame si le retard ne dure qu\u2019un jour. Les deux sommes se cumulent et doivent \u00eatre pr\u00e9vues dans les CGV et sur les factures. Ce r\u00e9gime concerne les relations commerciales entre professionnels, pas les factures adress\u00e9es aux consommateurs.<\/p>\n<\/div>\n<div id=\"ez-toc-container\" class=\"ez-toc-v2_0_85 counter-hierarchy ez-toc-counter ez-toc-grey ez-toc-container-direction\">\n<div class=\"ez-toc-title-container\">\n<p class=\"ez-toc-title\" style=\"cursor:inherit\">Table of Contents<\/p>\n<span class=\"ez-toc-title-toggle\"><a href=\"#\" class=\"ez-toc-pull-right ez-toc-btn ez-toc-btn-xs ez-toc-btn-default ez-toc-toggle\" aria-label=\"Toggle Table of Content\"><span class=\"ez-toc-js-icon-con\"><span class=\"\"><span class=\"eztoc-hide\" style=\"display:none;\">Toggle<\/span><span class=\"ez-toc-icon-toggle-span\"><svg style=\"fill: #999;color:#999\" xmlns=\"http:\/\/www.w3.org\/2000\/svg\" class=\"list-377408\" width=\"20px\" height=\"20px\" viewBox=\"0 0 24 24\" fill=\"none\"><path d=\"M6 6H4v2h2V6zm14 0H8v2h12V6zM4 11h2v2H4v-2zm16 0H8v2h12v-2zM4 16h2v2H4v-2zm16 0H8v2h12v-2z\" fill=\"currentColor\"><\/path><\/svg><svg style=\"fill: #999;color:#999\" class=\"arrow-unsorted-368013\" xmlns=\"http:\/\/www.w3.org\/2000\/svg\" width=\"10px\" height=\"10px\" viewBox=\"0 0 24 24\" version=\"1.2\" baseProfile=\"tiny\"><path d=\"M18.2 9.3l-6.2-6.3-6.2 6.3c-.2.2-.3.4-.3.7s.1.5.3.7c.2.2.4.3.7.3h11c.3 0 .5-.1.7-.3.2-.2.3-.5.3-.7s-.1-.5-.3-.7zM5.8 14.7l6.2 6.3 6.2-6.3c.2-.2.3-.5.3-.7s-.1-.5-.3-.7c-.2-.2-.4-.3-.7-.3h-11c-.3 0-.5.1-.7.3-.2.2-.3.5-.3.7s.1.5.3.7z\"\/><\/svg><\/span><\/span><\/span><\/a><\/span><\/div>\n<nav><ul class='ez-toc-list ez-toc-list-level-1 ' ><li class='ez-toc-page-1 ez-toc-heading-level-2'><a class=\"ez-toc-link ez-toc-heading-1\" href=\"https:\/\/c-g-a.fr\/blog\/penalites-de-retard-et-indemnite-forfaitaire-40-euros\/#Penalites_de_retard_et_indemnite_de_40_E_deux_montants_differents\" >P\u00e9nalit\u00e9s de retard et indemnit\u00e9 de 40 \u20ac : deux montants diff\u00e9rents<\/a><\/li><li class='ez-toc-page-1 ez-toc-heading-level-2'><a class=\"ez-toc-link ez-toc-heading-2\" href=\"https:\/\/c-g-a.fr\/blog\/penalites-de-retard-et-indemnite-forfaitaire-40-euros\/#Comment_calculer_les_penalites_de_retard\" >Comment calculer les p\u00e9nalit\u00e9s de retard<\/a><ul class='ez-toc-list-level-3' ><li class='ez-toc-heading-level-3'><a class=\"ez-toc-link ez-toc-heading-3\" href=\"https:\/\/c-g-a.fr\/blog\/penalites-de-retard-et-indemnite-forfaitaire-40-euros\/#Exemple_sur_une_facture_de_10_000_E\" >Exemple sur une facture de 10 000 \u20ac<\/a><\/li><li class='ez-toc-page-1 ez-toc-heading-level-3'><a class=\"ez-toc-link ez-toc-heading-4\" href=\"https:\/\/c-g-a.fr\/blog\/penalites-de-retard-et-indemnite-forfaitaire-40-euros\/#Exemple_avec_plusieurs_factures\" >Exemple avec plusieurs factures<\/a><\/li><\/ul><\/li><li class='ez-toc-page-1 ez-toc-heading-level-2'><a class=\"ez-toc-link ez-toc-heading-5\" href=\"https:\/\/c-g-a.fr\/blog\/penalites-de-retard-et-indemnite-forfaitaire-40-euros\/#Quelles_mentions_prevoir_sur_les_factures_et_les_CGV\" >Quelles mentions pr\u00e9voir sur les factures et les CGV ?<\/a><\/li><li class='ez-toc-page-1 ez-toc-heading-level-2'><a class=\"ez-toc-link ez-toc-heading-6\" href=\"https:\/\/c-g-a.fr\/blog\/penalites-de-retard-et-indemnite-forfaitaire-40-euros\/#Comment_reclamer_les_sommes_sans_bloquer_la_relation_client\" >Comment r\u00e9clamer les sommes sans bloquer la relation client<\/a><\/li><li class='ez-toc-page-1 ez-toc-heading-level-2'><a class=\"ez-toc-link ez-toc-heading-7\" href=\"https:\/\/c-g-a.fr\/blog\/penalites-de-retard-et-indemnite-forfaitaire-40-euros\/#Les_cas_ou_il_faut_ralentir_avant_de_reclamer\" >Les cas o\u00f9 il faut ralentir avant de r\u00e9clamer<\/a><\/li><li class='ez-toc-page-1 ez-toc-heading-level-2'><a class=\"ez-toc-link ez-toc-heading-8\" href=\"https:\/\/c-g-a.fr\/blog\/penalites-de-retard-et-indemnite-forfaitaire-40-euros\/#Le_bon_reflexe_pour_une_TPE_ou_une_PME\" >Le bon r\u00e9flexe pour une TPE ou une PME<\/a><\/li><\/ul><\/nav><\/div>\n<h2><span class=\"ez-toc-section\" id=\"Penalites_de_retard_et_indemnite_de_40_E_deux_montants_differents\"><\/span>P\u00e9nalit\u00e9s de retard et indemnit\u00e9 de 40 \u20ac : deux montants diff\u00e9rents<span class=\"ez-toc-section-end\"><\/span><\/h2>\n<p>Les p\u00e9nalit\u00e9s de retard compensent le temps pendant lequel le fournisseur reste priv\u00e9 de son argent. Leur montant varie donc selon le solde TTC non pay\u00e9, le taux annuel applicable et la dur\u00e9e du retard.<\/p>\n<p>L\u2019indemnit\u00e9 forfaitaire couvre les frais de recouvrement. Son montant est fix\u00e9 \u00e0 40 \u20ac par facture par l\u2019article D441-5 du Code de commerce. Elle ne se calcule ni en pourcentage ni par jour.<\/p>\n<table>\n<thead>\n<tr>\n<th>Somme r\u00e9clam\u00e9e<\/th>\n<th>Mode de calcul<\/th>\n<th>D\u00e9clenchement<\/th>\n<\/tr>\n<\/thead>\n<tbody>\n<tr>\n<td>P\u00e9nalit\u00e9s de retard<\/td>\n<td>Montant TTC impay\u00e9 \u00d7 taux annuel \u00d7 jours de retard \u00f7 365<\/td>\n<td>D\u00e8s le lendemain de l\u2019\u00e9ch\u00e9ance<\/td>\n<\/tr>\n<tr>\n<td>Indemnit\u00e9 forfaitaire<\/td>\n<td>40 \u20ac par facture en retard<\/td>\n<td>Une seule fois par facture<\/td>\n<\/tr>\n<tr>\n<td>Frais compl\u00e9mentaires<\/td>\n<td>Frais r\u00e9els d\u00e9passant 40 \u20ac, sur justificatifs<\/td>\n<td>Si le recouvrement a r\u00e9ellement co\u00fbt\u00e9 davantage<\/td>\n<\/tr>\n<\/tbody>\n<\/table>\n<p>Le cumul est la r\u00e8gle : r\u00e9clamer les int\u00e9r\u00eats ne fait pas dispara\u00eetre les 40 \u20ac, et inversement. La fiche de <a href=\"https:\/\/entreprendre.service-public.gouv.fr\/vosdroits\/F23211\">Service Public Entreprendre sur les d\u00e9lais de paiement<\/a> confirme aussi que ces sommes peuvent \u00eatre appliqu\u00e9es sans rappel pr\u00e9alable.<\/p>\n<div class=\"cga-card\"><a href=\"https:\/\/c-g-a.fr\/blog\/delai-de-paiement-entre-entreprises-30-60-jours\/\"><img decoding=\"async\" width=\"300\" height=\"200\" src=\"https:\/\/c-g-a.fr\/blog\/wp-content\/uploads\/2026\/08\/d-lai-de-paiement-entre-entreprises-30-60-jours-article-300x200.png\" class=\"cga-card-img wp-post-image\" alt=\"D\u00e9lais de paiement entre entreprises : 30 ou 60 jours ?\" loading=\"lazy\" srcset=\"https:\/\/c-g-a.fr\/blog\/wp-content\/uploads\/2026\/08\/d-lai-de-paiement-entre-entreprises-30-60-jours-article-300x200.png 300w, https:\/\/c-g-a.fr\/blog\/wp-content\/uploads\/2026\/08\/d-lai-de-paiement-entre-entreprises-30-60-jours-article-1024x683.png 1024w, https:\/\/c-g-a.fr\/blog\/wp-content\/uploads\/2026\/08\/d-lai-de-paiement-entre-entreprises-30-60-jours-article-768x512.png 768w, https:\/\/c-g-a.fr\/blog\/wp-content\/uploads\/2026\/08\/d-lai-de-paiement-entre-entreprises-30-60-jours-article.png 1200w\" sizes=\"auto, (max-width: 300px) 100vw, 300px\" \/><span class=\"cga-card-body\"><span class=\"cga-card-label\">\u00c0 lire aussi<\/span><span class=\"cga-card-title\">D\u00e9lais de paiement entre entreprises : 30 ou 60 jours ?<\/span><\/span><\/a><\/div>\n<h2><span class=\"ez-toc-section\" id=\"Comment_calculer_les_penalites_de_retard\"><\/span>Comment calculer les p\u00e9nalit\u00e9s de retard<span class=\"ez-toc-section-end\"><\/span><\/h2>\n<p>La formule pratique est simple : montant TTC restant d\u00fb \u00d7 taux annuel \u00d7 nombre de jours calendaires de retard \u00f7 365. Le d\u00e9compte commence le jour suivant la date de r\u00e8glement inscrite sur la facture.<\/p>\n<p>Le taux pr\u00e9vu dans les CGV ne peut pas \u00eatre inf\u00e9rieur \u00e0 trois fois le taux de l\u2019int\u00e9r\u00eat l\u00e9gal. \u00c0 d\u00e9faut de taux convenu, l\u2019article L441-10 du Code de commerce retient le taux de refinancement de la Banque centrale europ\u00e9enne applicable au semestre, major\u00e9 de 10 points.<\/p>\n<p>Les taux \u00e9voluent. Pour le second semestre 2026, la <a href=\"https:\/\/entreprendre.service-public.gouv.fr\/vosdroits\/F23211\">fiche officielle v\u00e9rifi\u00e9e par Service Public<\/a> indique un taux BCE de 2,40 %, soit 12,40 % apr\u00e8s majoration. Mieux vaut toutefois reprendre dans vos documents une formule li\u00e9e au taux applicable plut\u00f4t qu\u2019un chiffre qui deviendra p\u00e9rim\u00e9.<\/p>\n<h3><span class=\"ez-toc-section\" id=\"Exemple_sur_une_facture_de_10_000_E\"><\/span>Exemple sur une facture de 10 000 \u20ac<span class=\"ez-toc-section-end\"><\/span><\/h3>\n<p>Une PME doit encaisser une facture de 10 000 \u20ac TTC, pay\u00e9e avec 45 jours de retard. Avec un taux annuel de 12,40 %, les p\u00e9nalit\u00e9s atteignent 152,88 \u20ac : 10 000 \u00d7 12,40 % \u00d7 45 \u00f7 365.<\/p>\n<p>Il faut ajouter l\u2019indemnit\u00e9 de 40 \u20ac. Le total r\u00e9clamable au titre du retard s\u2019\u00e9l\u00e8ve donc \u00e0 192,88 \u20ac, en plus du principal si celui-ci n\u2019a pas encore \u00e9t\u00e9 r\u00e9gl\u00e9.<\/p>\n<h3><span class=\"ez-toc-section\" id=\"Exemple_avec_plusieurs_factures\"><\/span>Exemple avec plusieurs factures<span class=\"ez-toc-section-end\"><\/span><\/h3>\n<p>Un m\u00eame client r\u00e8gle en retard trois factures distinctes. L\u2019indemnit\u00e9 forfaitaire repr\u00e9sente 3 \u00d7 40 \u20ac, soit 120 \u20ac. Les p\u00e9nalit\u00e9s, elles, doivent \u00eatre calcul\u00e9es s\u00e9par\u00e9ment pour chaque facture selon son solde et son nombre de jours de retard.<\/p>\n<div class=\"cga-card\"><a href=\"https:\/\/c-g-a.fr\/blog\/facture-impayee-que-faire-procedure\/\"><img decoding=\"async\" width=\"300\" height=\"200\" src=\"https:\/\/c-g-a.fr\/blog\/wp-content\/uploads\/2026\/08\/facture-impay-e-que-faire-proc-dure-article-300x200.png\" class=\"cga-card-img wp-post-image\" alt=\"Facture impay\u00e9e : quelle proc\u00e9dure suivre pour \u00eatre pay\u00e9 ?\" loading=\"lazy\" srcset=\"https:\/\/c-g-a.fr\/blog\/wp-content\/uploads\/2026\/08\/facture-impay-e-que-faire-proc-dure-article-300x200.png 300w, https:\/\/c-g-a.fr\/blog\/wp-content\/uploads\/2026\/08\/facture-impay-e-que-faire-proc-dure-article-1024x683.png 1024w, https:\/\/c-g-a.fr\/blog\/wp-content\/uploads\/2026\/08\/facture-impay-e-que-faire-proc-dure-article-768x512.png 768w, https:\/\/c-g-a.fr\/blog\/wp-content\/uploads\/2026\/08\/facture-impay-e-que-faire-proc-dure-article.png 1200w\" sizes=\"auto, (max-width: 300px) 100vw, 300px\" \/><span class=\"cga-card-body\"><span class=\"cga-card-label\">\u00c0 lire aussi<\/span><span class=\"cga-card-title\">Facture impay\u00e9e : quelle proc\u00e9dure suivre pour \u00eatre pay\u00e9 ?<\/span><\/span><\/a><\/div>\n<h2><span class=\"ez-toc-section\" id=\"Quelles_mentions_prevoir_sur_les_factures_et_les_CGV\"><\/span>Quelles mentions pr\u00e9voir sur les factures et les CGV ?<span class=\"ez-toc-section-end\"><\/span><\/h2>\n<p>Le taux des p\u00e9nalit\u00e9s et la mention de l\u2019indemnit\u00e9 forfaitaire doivent appara\u00eetre sur les factures destin\u00e9es aux professionnels. Les conditions d\u2019application doivent \u00e9galement figurer dans les CGV. La liste officielle des <a href=\"https:\/\/entreprendre.service-public.fr\/vosdroits\/F31808\">mentions obligatoires sur une facture<\/a> rappelle ces deux exigences.<\/p>\n<p>Une clause op\u00e9rationnelle peut \u00eatre formul\u00e9e ainsi : \u00ab Tout retard de paiement entra\u00eene, d\u00e8s le lendemain de la date d\u2019\u00e9ch\u00e9ance, l\u2019application de p\u00e9nalit\u00e9s calcul\u00e9es au taux de refinancement de la BCE major\u00e9 de 10 points, ainsi qu\u2019une indemnit\u00e9 forfaitaire de 40 \u20ac pour frais de recouvrement. \u00bb<\/p>\n<p>Ce mod\u00e8le reste \u00e0 adapter \u00e0 vos CGV, \u00e0 votre activit\u00e9 et au taux r\u00e9ellement choisi. Faites-le valider par votre expert-comptable ou votre avocat si vos contrats comportent des conditions particuli\u00e8res, des clients publics ou des d\u00e9lais sectoriels.<\/p>\n<h2><span class=\"ez-toc-section\" id=\"Comment_reclamer_les_sommes_sans_bloquer_la_relation_client\"><\/span>Comment r\u00e9clamer les sommes sans bloquer la relation client<span class=\"ez-toc-section-end\"><\/span><\/h2>\n<p>L\u2019exigibilit\u00e9 automatique n\u2019oblige pas \u00e0 d\u00e9marrer par un courrier agressif. Dans une petite entreprise, le plus efficace consiste souvent \u00e0 joindre un d\u00e9compte propre \u00e0 la relance : r\u00e9f\u00e9rence de la facture, \u00e9ch\u00e9ance, jours de retard, taux, formule, p\u00e9nalit\u00e9s et indemnit\u00e9 affich\u00e9es s\u00e9par\u00e9ment.<\/p>\n<ul>\n<li>V\u00e9rifiez que la facture n\u2019est pas contest\u00e9e et que la prestation a \u00e9t\u00e9 accept\u00e9e.<\/li>\n<li>Calculez les int\u00e9r\u00eats sur le solde TTC encore d\u00fb, pas sur une somme d\u00e9j\u00e0 r\u00e9gl\u00e9e.<\/li>\n<li>Rappelez la clause des CGV et joignez la facture d\u2019origine.<\/li>\n<li>Demandez une date de virement ferme et conservez une trace \u00e9crite.<\/li>\n<li>En l\u2019absence de r\u00e9ponse, passez \u00e0 la mise en demeure puis au recouvrement adapt\u00e9 au montant.<\/li>\n<\/ul>\n<p>Sur une facture de 2 500 \u20ac r\u00e9gl\u00e9e avec 20 jours de retard au taux de 12,40 %, les int\u00e9r\u00eats repr\u00e9sentent 16,99 \u20ac. Avec l\u2019indemnit\u00e9, la demande atteint 56,99 \u20ac. Le calcul d\u00e9taill\u00e9 \u00e9vite que le client r\u00e9duise le dossier \u00e0 \u00ab 40 \u20ac de frais sortis de nulle part \u00bb.<\/p>\n<div class=\"cga-card\"><a href=\"https:\/\/c-g-a.fr\/blog\/lettre-de-relance-facture-impayee-modele\/\"><img decoding=\"async\" width=\"300\" height=\"200\" src=\"https:\/\/c-g-a.fr\/blog\/wp-content\/uploads\/2026\/08\/lettre-de-relance-facture-impay-e-mod-le-article-300x200.png\" class=\"cga-card-img wp-post-image\" alt=\"Lettre de relance pour facture impay\u00e9e : mod\u00e8le pr\u00eat \u00e0 adapter\" loading=\"lazy\" srcset=\"https:\/\/c-g-a.fr\/blog\/wp-content\/uploads\/2026\/08\/lettre-de-relance-facture-impay-e-mod-le-article-300x200.png 300w, https:\/\/c-g-a.fr\/blog\/wp-content\/uploads\/2026\/08\/lettre-de-relance-facture-impay-e-mod-le-article-1024x683.png 1024w, https:\/\/c-g-a.fr\/blog\/wp-content\/uploads\/2026\/08\/lettre-de-relance-facture-impay-e-mod-le-article-768x512.png 768w, https:\/\/c-g-a.fr\/blog\/wp-content\/uploads\/2026\/08\/lettre-de-relance-facture-impay-e-mod-le-article.png 1200w\" sizes=\"auto, (max-width: 300px) 100vw, 300px\" \/><span class=\"cga-card-body\"><span class=\"cga-card-label\">\u00c0 lire aussi<\/span><span class=\"cga-card-title\">Lettre de relance pour facture impay\u00e9e : mod\u00e8le pr\u00eat \u00e0 adapter<\/span><\/span><\/a><\/div>\n<h2><span class=\"ez-toc-section\" id=\"Les_cas_ou_il_faut_ralentir_avant_de_reclamer\"><\/span>Les cas o\u00f9 il faut ralentir avant de r\u00e9clamer<span class=\"ez-toc-section-end\"><\/span><\/h2>\n<p>L\u2019indemnit\u00e9 de 40 \u20ac vise les transactions commerciales entre professionnels. Elle ne s\u2019applique pas \u00e0 une facture adress\u00e9e \u00e0 un consommateur. Service Public signale \u00e9galement des exclusions, notamment les baux commerciaux et la location avec option d\u2019achat.<\/p>\n<p>En cas de paiement partiel, l\u2019indemnit\u00e9 reste due une fois pour la facture concern\u00e9e, tandis que les int\u00e9r\u00eats futurs se calculent sur le solde restant. Si les frais de recouvrement d\u00e9passent 40 \u20ac, une indemnisation compl\u00e9mentaire peut \u00eatre demand\u00e9e, mais elle doit \u00eatre justifi\u00e9e.<\/p>\n<p>Les p\u00e9nalit\u00e9s et l\u2019indemnit\u00e9 ne sont pas soumises \u00e0 la TVA, selon la m\u00eame fiche officielle. Leur comptabilisation et leur mode de facturation doivent n\u00e9anmoins \u00eatre cadr\u00e9s avec l\u2019expert-comptable, surtout lorsque le principal a d\u00e9j\u00e0 \u00e9t\u00e9 encaiss\u00e9 ou qu\u2019un litige existe.<\/p>\n<h2><span class=\"ez-toc-section\" id=\"Le_bon_reflexe_pour_une_TPE_ou_une_PME\"><\/span>Le bon r\u00e9flexe pour une TPE ou une PME<span class=\"ez-toc-section-end\"><\/span><\/h2>\n<p>Ne d\u00e9couvrez pas le sujet au premier gros impay\u00e9. Param\u00e9trez le taux et la mention des 40 \u20ac dans le logiciel de facturation, contr\u00f4lez les \u00e9ch\u00e9ances chaque semaine et pr\u00e9parez un mod\u00e8le de d\u00e9compte. Vous pourrez alors d\u00e9cider commercialement d\u2019appliquer ou non les sommes, sans improviser le calcul.<\/p>\n<p>Pour un retard r\u00e9current, une cr\u00e9ance contest\u00e9e ou un client en difficult\u00e9, faites valider la suite par votre expert-comptable ou un avocat. Le cadre l\u00e9gal donne un levier de recouvrement ; il ne remplace pas l\u2019analyse du contrat, des preuves disponibles et du risque de non-paiement.<\/p>\n","protected":false},"excerpt":{"rendered":"<p>Taux, formule, indemnit\u00e9 de 40 \u20ac par facture et mentions obligatoires : calculez et r\u00e9clamez un retard de paiement entre professionnels.<\/p>\n","protected":false},"author":1,"featured_media":252,"comment_status":"closed","ping_status":"closed","sticky":false,"template":"","format":"standard","meta":{"_seopress_titles_title":"P\u00e9nalit\u00e9s de retard et indemnit\u00e9 de 40 \u20ac : calcul","_seopress_titles_desc":"Taux, formule, indemnit\u00e9 de 40 \u20ac par facture et mentions obligatoires : calculez et r\u00e9clamez un retard de paiement entre professionnels.","_seopress_robots_index":"","_seopress_robots_follow":"","_seopress_robots_imageindex":"","_seopress_robots_snippet":"","_seopress_robots_primary_cat":"","_seopress_robots_breadcrumbs":"","_seopress_robots_freeze_modified_date":"","_seopress_robots_custom_modified_date":"","_seopress_robots_canonical":"","_seopress_social_fb_title":"","_seopress_social_fb_desc":"","_seopress_social_fb_img":"","_seopress_social_fb_img_attachment_id":0,"_seopress_social_fb_img_width":0,"_seopress_social_fb_img_height":0,"_seopress_social_twitter_title":"","_seopress_social_twitter_desc":"","_seopress_social_twitter_img":"","_seopress_social_twitter_img_attachment_id":0,"_seopress_social_twitter_img_width":0,"_seopress_social_twitter_img_height":0,"_seopress_redirections_value":"","_seopress_redirections_enabled":"","_seopress_redirections_enabled_regex":"","_seopress_redirections_logged_status":"","_seopress_redirections_param":"","_seopress_redirections_type":0,"_seopress_analysis_target_kw":"","footnotes":""},"categories":[2],"tags":[86],"class_list":["post-253","post","type-post","status-publish","format-standard","has-post-thumbnail","hentry","category-finance","tag-penalites-de-retard-et-indemnite-forfaitaire-40-euros"],"_links":{"self":[{"href":"https:\/\/c-g-a.fr\/blog\/wp-json\/wp\/v2\/posts\/253","targetHints":{"allow":["GET"]}}],"collection":[{"href":"https:\/\/c-g-a.fr\/blog\/wp-json\/wp\/v2\/posts"}],"about":[{"href":"https:\/\/c-g-a.fr\/blog\/wp-json\/wp\/v2\/types\/post"}],"author":[{"embeddable":true,"href":"https:\/\/c-g-a.fr\/blog\/wp-json\/wp\/v2\/users\/1"}],"replies":[{"embeddable":true,"href":"https:\/\/c-g-a.fr\/blog\/wp-json\/wp\/v2\/comments?post=253"}],"version-history":[{"count":1,"href":"https:\/\/c-g-a.fr\/blog\/wp-json\/wp\/v2\/posts\/253\/revisions"}],"predecessor-version":[{"id":254,"href":"https:\/\/c-g-a.fr\/blog\/wp-json\/wp\/v2\/posts\/253\/revisions\/254"}],"wp:featuredmedia":[{"embeddable":true,"href":"https:\/\/c-g-a.fr\/blog\/wp-json\/wp\/v2\/media\/252"}],"wp:attachment":[{"href":"https:\/\/c-g-a.fr\/blog\/wp-json\/wp\/v2\/media?parent=253"}],"wp:term":[{"taxonomy":"category","embeddable":true,"href":"https:\/\/c-g-a.fr\/blog\/wp-json\/wp\/v2\/categories?post=253"},{"taxonomy":"post_tag","embeddable":true,"href":"https:\/\/c-g-a.fr\/blog\/wp-json\/wp\/v2\/tags?post=253"}],"curies":[{"name":"wp","href":"https:\/\/api.w.org\/{rel}","templated":true}]}}